{"id":190250,"date":"2024-11-07T13:00:27","date_gmt":"2024-11-07T11:00:27","guid":{"rendered":"http:\/\/www.gutatv.sk\/?p=190250"},"modified":"2024-11-07T13:00:27","modified_gmt":"2024-11-07T11:00:27","slug":"2024-november-5","status":"publish","type":"post","link":"http:\/\/www.gutatv.sk\/sk\/2024-november-5\/","title":{"rendered":"5. november 2024"},"content":{"rendered":"<p><span class=\"yt-core-attributed-string--link-inherit-color\" dir=\"auto\">Spr\u00e1vy <\/span><\/p>\n<ul class=\"yt-core-attributed-string__list-group\" dir=\"ltr\">\n<li><span class=\"yt-core-attributed-string--link-inherit-color\" dir=\"auto\">Sviatok v\u0161etk\u00fdch sv\u00e4t\u00fdch a du\u0161i\u010dky <\/span><\/li>\n<li><span class=\"yt-core-attributed-string--link-inherit-color\" dir=\"auto\">G\u00fata TV na medi\u00e1lnej konferencii <\/span><\/li>\n<li><span class=\"yt-core-attributed-string--link-inherit-color\" dir=\"auto\">Odovzdanie nov\u00e9ho s\u00eddla G\u00fata TV <\/span><\/li>\n<li><span class=\"yt-core-attributed-string--link-inherit-color\" dir=\"auto\">Rozhovor s prim\u00e1torom B\u00e9lom Hal\u00e1szom <\/span><\/li>\n<li><span class=\"yt-core-attributed-string--link-inherit-color\" dir=\"auto\">Biskup J\u00e1nos Sz\u00e9kely v Kol\u00e1rove <\/span><\/li>\n<li><span class=\"yt-core-attributed-string--link-inherit-color\" dir=\"auto\">Symfonick\u00fd koncert v Kol\u00e1rove <\/span><\/li>\n<li><span class=\"yt-core-attributed-string--link-inherit-color\" dir=\"auto\">Priskin Tam\u00e1s na T\u00fd\u017edni zdravia <\/span><\/li>\n<li><span class=\"yt-core-attributed-string--link-inherit-color\" dir=\"auto\">I. s\u00fa\u0165a\u017e na po\u010des\u0165 Viktora Palkovicha <\/span><\/li>\n<li><span class=\"yt-core-attributed-string--link-inherit-color\" dir=\"auto\">Remeseln\u00fd trh na dvore b\u00fdval\u00e9ho hotela Leonor\u00a0<\/span><\/li>\n<li><span class=\"yt-core-attributed-string--link-inherit-color\" dir=\"auto\">Kikelet folkl\u00f3rny s\u00fabor v Jelenci\u00a0<\/span><\/li>\n<li><span class=\"yt-core-attributed-string--link-inherit-color\" dir=\"auto\">3. Ples Kol\u00e1rovsk\u00fdch \u0161portovcov <\/span><\/li>\n<li><span class=\"yt-core-attributed-string--link-inherit-color\" dir=\"auto\">Zaryb\u0148ovanie v \u010cergove <\/span><\/li>\n<li><span class=\"yt-core-attributed-string--link-inherit-color\" dir=\"auto\">IFI TV <\/span><\/li>\n<li><span class=\"yt-core-attributed-string--link-inherit-color\" dir=\"auto\">Ponuka programov <\/span><\/li>\n<\/ul>\n<p><span class=\"yt-core-attributed-string--link-inherit-color\" dir=\"auto\"> \u0160port <\/span><\/p>\n<ul class=\"yt-core-attributed-string__list-group\" dir=\"ltr\">\n<li><span class=\"yt-core-attributed-string--link-inherit-color\" dir=\"auto\">Karate <\/span><\/li>\n<li><span class=\"yt-core-attributed-string--link-inherit-color\" dir=\"auto\">Stoln\u00fd tenis <\/span><\/li>\n<\/ul>\n<p><span class=\"yt-core-attributed-string--link-inherit-color\" dir=\"auto\"> Mozaika <\/span><\/p>\n<ul class=\"yt-core-attributed-string__list-group\" dir=\"ltr\">\n<li><span class=\"yt-core-attributed-string--link-inherit-color\" dir=\"auto\">3. Ples \u0161portovcov<\/span><\/li>\n<\/ul>\n<p><\/p>","protected":false},"excerpt":{"rendered":"<p>Spr\u00e1vy Sviatok v\u0161etk\u00fdch sv\u00e4t\u00fdch a du\u0161i\u010dky G\u00fata TV na medi\u00e1lnej konferencii Odovzdanie nov\u00e9ho s\u00eddla G\u00fata TV Rozhovor s prim\u00e1torom B\u00e9lom Hal\u00e1szom Biskup J\u00e1nos Sz\u00e9kely v Kol\u00e1rove Symfonick\u00fd koncert v Kol\u00e1rove Priskin Tam\u00e1s na T\u00fd\u017edni zdravia I. s\u00fa\u0165a\u017e na po\u010des\u0165 Viktora Palkovicha Remeseln\u00fd trh na dvore b\u00fdval\u00e9ho hotela Leonor\u00a0 Kikelet folkl\u00f3rny s\u00fabor v Jelenci\u00a0 3. Ples [&hellip;]<\/p>\n","protected":false},"author":6,"featured_media":0,"comment_status":"open","ping_status":"closed","sticky":false,"template":"","format":"standard","meta":[],"categories":[1],"tags":[],"_links":{"self":[{"href":"http:\/\/www.gutatv.sk\/sk\/wp-json\/wp\/v2\/posts\/190250"}],"collection":[{"href":"http:\/\/www.gutatv.sk\/sk\/wp-json\/wp\/v2\/posts"}],"about":[{"href":"http:\/\/www.gutatv.sk\/sk\/wp-json\/wp\/v2\/types\/post"}],"author":[{"embeddable":true,"href":"http:\/\/www.gutatv.sk\/sk\/wp-json\/wp\/v2\/users\/6"}],"replies":[{"embeddable":true,"href":"http:\/\/www.gutatv.sk\/sk\/wp-json\/wp\/v2\/comments?post=190250"}],"version-history":[{"count":1,"href":"http:\/\/www.gutatv.sk\/sk\/wp-json\/wp\/v2\/posts\/190250\/revisions"}],"predecessor-version":[{"id":190251,"href":"http:\/\/www.gutatv.sk\/sk\/wp-json\/wp\/v2\/posts\/190250\/revisions\/190251"}],"wp:attachment":[{"href":"http:\/\/www.gutatv.sk\/sk\/wp-json\/wp\/v2\/media?parent=190250"}],"wp:term":[{"taxonomy":"category","embeddable":true,"href":"http:\/\/www.gutatv.sk\/sk\/wp-json\/wp\/v2\/categories?post=190250"},{"taxonomy":"post_tag","embeddable":true,"href":"http:\/\/www.gutatv.sk\/sk\/wp-json\/wp\/v2\/tags?post=190250"}],"curies":[{"name":"wp","href":"https:\/\/api.w.org\/{rel}","templated":true}]}}