{"id":191901,"date":"2024-12-05T15:00:43","date_gmt":"2024-12-05T13:00:43","guid":{"rendered":"http:\/\/www.gutatv.sk\/?p=191901"},"modified":"2024-12-05T15:00:43","modified_gmt":"2024-12-05T13:00:43","slug":"2024-december-4","status":"publish","type":"post","link":"http:\/\/www.gutatv.sk\/sk\/2024-december-4\/","title":{"rendered":"4.december 2024"},"content":{"rendered":"<p><span class=\"yt-core-attributed-string--link-inherit-color\" dir=\"auto\">Spr\u00e1vy <\/span><\/p>\n<ul class=\"yt-core-attributed-string__list-group\" dir=\"ltr\">\n<li><span class=\"yt-core-attributed-string--link-inherit-color\" dir=\"auto\">Za\u010d\u00edna advent <\/span><\/li>\n<li><span class=\"yt-core-attributed-string--link-inherit-color\" dir=\"auto\">Zap\u00e1lenie adventnej svie\u010dky a viano\u010dn\u00fd trh &#8211; Csaba B\u00f6jte v Kol\u00e1rove <\/span><\/li>\n<li><span class=\"yt-core-attributed-string--link-inherit-color\" dir=\"auto\">De\u0148 otvoren\u00fdch dver\u00ed v G\u00fata TV <\/span><\/li>\n<li><span class=\"yt-core-attributed-string--link-inherit-color\" dir=\"auto\">Imre Csernus v mestskom kult\u00farnom stredisku <\/span><\/li>\n<li><span class=\"yt-core-attributed-string--link-inherit-color\" dir=\"auto\">Stu\u017ekov\u00e1 sl\u00e1vnos\u0165 S\u00fakromnej spojenej \u0161koly <\/span><\/li>\n<li><span class=\"yt-core-attributed-string--link-inherit-color\" dir=\"auto\">Po\u013eovn\u00edcky ples <\/span><\/li>\n<li><span class=\"yt-core-attributed-string--link-inherit-color\" dir=\"auto\">IFI TV &#8211; Ponuka programov <\/span><\/li>\n<\/ul>\n<p><span class=\"yt-core-attributed-string--link-inherit-color\" dir=\"auto\"> \u0160port <\/span><\/p>\n<ul class=\"yt-core-attributed-string__list-group\" dir=\"ltr\">\n<li><span class=\"yt-core-attributed-string--link-inherit-color\" dir=\"auto\">Karate <\/span><\/li>\n<li><span class=\"yt-core-attributed-string--link-inherit-color\" dir=\"auto\">H\u00e1dzan\u00e1 <\/span><\/li>\n<\/ul>\n<p><span class=\"yt-core-attributed-string--link-inherit-color\" dir=\"auto\"> Mozaika <\/span><\/p>\n<ul class=\"yt-core-attributed-string__list-group\" dir=\"ltr\">\n<li><span class=\"yt-core-attributed-string--link-inherit-color\" dir=\"auto\">Zap\u00e1lenie prvej adventnej svie\u010dky<\/span><\/li>\n<\/ul>\n<p><\/p>","protected":false},"excerpt":{"rendered":"<p>Spr\u00e1vy Za\u010d\u00edna advent Zap\u00e1lenie adventnej svie\u010dky a viano\u010dn\u00fd trh &#8211; Csaba B\u00f6jte v Kol\u00e1rove De\u0148 otvoren\u00fdch dver\u00ed v G\u00fata TV Imre Csernus v mestskom kult\u00farnom stredisku Stu\u017ekov\u00e1 sl\u00e1vnos\u0165 S\u00fakromnej spojenej \u0161koly Po\u013eovn\u00edcky ples IFI TV &#8211; Ponuka programov \u0160port Karate H\u00e1dzan\u00e1 Mozaika Zap\u00e1lenie prvej adventnej svie\u010dky<\/p>\n","protected":false},"author":6,"featured_media":0,"comment_status":"open","ping_status":"closed","sticky":false,"template":"","format":"standard","meta":[],"categories":[1],"tags":[],"_links":{"self":[{"href":"http:\/\/www.gutatv.sk\/sk\/wp-json\/wp\/v2\/posts\/191901"}],"collection":[{"href":"http:\/\/www.gutatv.sk\/sk\/wp-json\/wp\/v2\/posts"}],"about":[{"href":"http:\/\/www.gutatv.sk\/sk\/wp-json\/wp\/v2\/types\/post"}],"author":[{"embeddable":true,"href":"http:\/\/www.gutatv.sk\/sk\/wp-json\/wp\/v2\/users\/6"}],"replies":[{"embeddable":true,"href":"http:\/\/www.gutatv.sk\/sk\/wp-json\/wp\/v2\/comments?post=191901"}],"version-history":[{"count":1,"href":"http:\/\/www.gutatv.sk\/sk\/wp-json\/wp\/v2\/posts\/191901\/revisions"}],"predecessor-version":[{"id":191902,"href":"http:\/\/www.gutatv.sk\/sk\/wp-json\/wp\/v2\/posts\/191901\/revisions\/191902"}],"wp:attachment":[{"href":"http:\/\/www.gutatv.sk\/sk\/wp-json\/wp\/v2\/media?parent=191901"}],"wp:term":[{"taxonomy":"category","embeddable":true,"href":"http:\/\/www.gutatv.sk\/sk\/wp-json\/wp\/v2\/categories?post=191901"},{"taxonomy":"post_tag","embeddable":true,"href":"http:\/\/www.gutatv.sk\/sk\/wp-json\/wp\/v2\/tags?post=191901"}],"curies":[{"name":"wp","href":"https:\/\/api.w.org\/{rel}","templated":true}]}}