{"id":200261,"date":"2025-04-19T09:36:14","date_gmt":"2025-04-19T07:36:14","guid":{"rendered":"http:\/\/www.gutatv.sk\/?p=200261"},"modified":"2025-04-19T09:36:14","modified_gmt":"2025-04-19T07:36:14","slug":"2025-aprilis-16","status":"publish","type":"post","link":"http:\/\/www.gutatv.sk\/sk\/2025-aprilis-16\/","title":{"rendered":"16.apr\u00edl 2025"},"content":{"rendered":"<p><span class=\"yt-core-attributed-string yt-core-attributed-string--white-space-pre-wrap\" dir=\"auto\"><span class=\"yt-core-attributed-string--link-inherit-color\" dir=\"auto\">Spr\u00e1vy <\/span><\/span><\/p>\n<ul class=\"yt-core-attributed-string__list-group\" dir=\"ltr\">\n<li><span class=\"yt-core-attributed-string--link-inherit-color\" dir=\"auto\">Kol\u00e1rovo prijali do Zdru\u017eenia miest a obc\u00ed <\/span><\/li>\n<li><span class=\"yt-core-attributed-string--link-inherit-color\" dir=\"auto\">Za\u010dali sa z\u00e1pisy do z\u00e1kladn\u00fdch \u0161k\u00f4l <\/span><\/li>\n<li><span class=\"yt-core-attributed-string--link-inherit-color\" dir=\"auto\">Hviezdny interpret na Dni po\u00e9zie v S\u00fakromnej spojenej \u0161kole <\/span><\/li>\n<li><span class=\"yt-core-attributed-string--link-inherit-color\" dir=\"auto\">V dojemnej jednote si pripomenuli obete vys\u00eddlenia z Felvid\u00e9k <\/span><\/li>\n<li><span class=\"yt-core-attributed-string--link-inherit-color\" dir=\"auto\">M\u0155tve rameno Mal\u00e9ho Dunaja je bohat\u0161ie o 40 metr\u00e1kov kaprov <\/span><\/li>\n<li><span class=\"yt-core-attributed-string--link-inherit-color\" dir=\"auto\">Po\u010das sv\u00e4tej om\u0161e na Kvetn\u00fa nede\u013eu sa veriaci vr\u00e1tili do n\u00e1\u0161ho kostola <\/span><\/li>\n<\/ul>\n<p><span class=\"yt-core-attributed-string yt-core-attributed-string--white-space-pre-wrap\" dir=\"auto\"><span class=\"yt-core-attributed-string--link-inherit-color\" dir=\"auto\"> \u0160port <\/span><\/span><\/p>\n<ul class=\"yt-core-attributed-string__list-group\" dir=\"ltr\">\n<li><span class=\"yt-core-attributed-string--link-inherit-color\" dir=\"auto\">Na\u0161ich futbalistov delilo od \u010fal\u0161ieho \u00faspechu len p\u00e1r min\u00fat <\/span><\/li>\n<li><span class=\"yt-core-attributed-string--link-inherit-color\" dir=\"auto\">Kol\u00e1rovsk\u00fd bojov\u00fd talent vyhral poh\u00e1r <\/span><\/li>\n<li><span class=\"yt-core-attributed-string--link-inherit-color\" dir=\"auto\">Strieborn\u00e1 medaila mladej d\u017eudistky sa pekne trbliece <\/span><\/li>\n<\/ul>\n<p><span class=\"yt-core-attributed-string yt-core-attributed-string--white-space-pre-wrap\" dir=\"auto\"><span class=\"yt-core-attributed-string--link-inherit-color\" dir=\"auto\"> Mozaika <\/span><\/span><\/p>\n<ul class=\"yt-core-attributed-string__list-group\" dir=\"ltr\">\n<li><span class=\"yt-core-attributed-string--link-inherit-color\" dir=\"auto\">Kapela Jazzland z Felvid\u00e9k sa ku Kol\u00e1rovu via\u017ee tis\u00edckou z\u00e1\u017eitkov <\/span><\/li>\n<li><span class=\"yt-core-attributed-string--link-inherit-color\" dir=\"auto\">Na spomienke na obete vys\u00eddlenia nech\u00fdbali ani slzy <\/span><\/li>\n<li><span class=\"yt-core-attributed-string--link-inherit-color\" dir=\"auto\">Dokument\u00e1rny film G\u00fata TV o vys\u00eddlen\u00ed<\/span><\/li>\n<\/ul>\n<div id=\"snippet\" class=\"style-scope ytd-text-inline-expander\"><\/div>\n<div class=\"style-scope ytd-watch-metadata\"><\/div>\n<p><\/p>","protected":false},"excerpt":{"rendered":"<p>Spr\u00e1vy Kol\u00e1rovo prijali do Zdru\u017eenia miest a obc\u00ed Za\u010dali sa z\u00e1pisy do z\u00e1kladn\u00fdch \u0161k\u00f4l Hviezdny interpret na Dni po\u00e9zie v S\u00fakromnej spojenej \u0161kole V dojemnej jednote si pripomenuli obete vys\u00eddlenia z Felvid\u00e9k M\u0155tve rameno Mal\u00e9ho Dunaja je bohat\u0161ie o 40 metr\u00e1kov kaprov Po\u010das sv\u00e4tej om\u0161e na Kvetn\u00fa nede\u013eu sa veriaci vr\u00e1tili do n\u00e1\u0161ho kostola \u0160port [&hellip;]<\/p>\n","protected":false},"author":6,"featured_media":0,"comment_status":"open","ping_status":"closed","sticky":false,"template":"","format":"standard","meta":[],"categories":[1],"tags":[],"_links":{"self":[{"href":"http:\/\/www.gutatv.sk\/sk\/wp-json\/wp\/v2\/posts\/200261"}],"collection":[{"href":"http:\/\/www.gutatv.sk\/sk\/wp-json\/wp\/v2\/posts"}],"about":[{"href":"http:\/\/www.gutatv.sk\/sk\/wp-json\/wp\/v2\/types\/post"}],"author":[{"embeddable":true,"href":"http:\/\/www.gutatv.sk\/sk\/wp-json\/wp\/v2\/users\/6"}],"replies":[{"embeddable":true,"href":"http:\/\/www.gutatv.sk\/sk\/wp-json\/wp\/v2\/comments?post=200261"}],"version-history":[{"count":1,"href":"http:\/\/www.gutatv.sk\/sk\/wp-json\/wp\/v2\/posts\/200261\/revisions"}],"predecessor-version":[{"id":200262,"href":"http:\/\/www.gutatv.sk\/sk\/wp-json\/wp\/v2\/posts\/200261\/revisions\/200262"}],"wp:attachment":[{"href":"http:\/\/www.gutatv.sk\/sk\/wp-json\/wp\/v2\/media?parent=200261"}],"wp:term":[{"taxonomy":"category","embeddable":true,"href":"http:\/\/www.gutatv.sk\/sk\/wp-json\/wp\/v2\/categories?post=200261"},{"taxonomy":"post_tag","embeddable":true,"href":"http:\/\/www.gutatv.sk\/sk\/wp-json\/wp\/v2\/tags?post=200261"}],"curies":[{"name":"wp","href":"https:\/\/api.w.org\/{rel}","templated":true}]}}