{"id":203867,"date":"2025-07-03T10:45:08","date_gmt":"2025-07-03T08:45:08","guid":{"rendered":"http:\/\/www.gutatv.sk\/?p=203867"},"modified":"2025-07-04T14:28:13","modified_gmt":"2025-07-04T12:28:13","slug":"2025-julius-1","status":"publish","type":"post","link":"http:\/\/www.gutatv.sk\/sk\/2025-julius-1\/","title":{"rendered":"1.j\u00fal 2025"},"content":{"rendered":"<p><span class=\"yt-core-attributed-string--link-inherit-color\" dir=\"auto\">H\u00edrek <\/span><\/p>\n<ul>\n<li><span class=\"yt-core-attributed-string--link-inherit-color\" dir=\"auto\">\u00a0\u201eBallagunk\u2026 de nem futunk, nehogy visszah\u00edvjanak!\u201d &#8211; v\u00e9gz\u0151s\u00f6k b\u00facs\u00faja a Corvinban <\/span><\/li>\n<li><span class=\"yt-core-attributed-string--link-inherit-color\" dir=\"auto\">H\u00e1la \u00e9s egy kis vend\u00e9gl\u00e1t\u00e1s, a Nyugd\u00edjas Egyes\u00fcletben vend\u00e9geskedett a v\u00e1rosvezet\u00e9s <\/span><\/li>\n<li><span class=\"yt-core-attributed-string--link-inherit-color\" dir=\"auto\">Sz\u00fcleiknek \u00e9s tan\u00e1raiknak is k\u00f6sz\u00f6netet mondtak a szlov\u00e1k iskola ballag\u00f3 di\u00e1kjai <\/span><\/li>\n<li><span class=\"yt-core-attributed-string--link-inherit-color\" dir=\"auto\">Szenz\u00e1ci\u00f3s oszt\u00e1ly d\u00edsz\u00edt\u00e9ssel hagytak eml\u00e9ket a R\u00e1k\u00f3czi kilencedikesei <\/span><\/li>\n<\/ul>\n<p><span class=\"yt-core-attributed-string--link-inherit-color\" dir=\"auto\"> Sport <\/span><\/p>\n<ul class=\"yt-core-attributed-string__list-group\" dir=\"ltr\">\n<li><span class=\"yt-core-attributed-string--link-inherit-color\" dir=\"auto\">Arany\u00e9rmekkel t\u00e9rtek haza birk\u00f3z\u00f3ink Horv\u00e1torsz\u00e1gb\u00f3l <\/span><\/li>\n<li><span class=\"yt-core-attributed-string--link-inherit-color\" dir=\"auto\">G\u00fatai a megye legjobb ifj\u00fas\u00e1gi sportol\u00f3ja a vil\u00e1gbajnok karat\u00e9s Kiss Bence <\/span><\/li>\n<li><span class=\"yt-core-attributed-string--link-inherit-color\" dir=\"auto\">Nincs meg\u00e1ll\u00e1s, magasabb fokozatba kapcsoltak a g\u00fatai brazil jitsusok <\/span><\/li>\n<\/ul>\n<p><span class=\"yt-core-attributed-string--link-inherit-color\" dir=\"auto\"> Ez+Az <\/span><\/p>\n<ul class=\"yt-core-attributed-string__list-group\" dir=\"ltr\">\n<li><span class=\"yt-core-attributed-string--link-inherit-color\" dir=\"auto\">Mi a j\u00f3 fagylalt titka, a Langelato k\u00e9zm\u0171ves fagylaltoz\u00f3 alap\u00edt\u00f3ja volt a vend\u00e9g\u00fcnk <\/span><\/li>\n<\/ul>\n<p><\/p>","protected":false},"excerpt":{"rendered":"<p>H\u00edrek \u00a0\u201eBallagunk\u2026 de nem futunk, nehogy visszah\u00edvjanak!\u201d &#8211; v\u00e9gz\u0151s\u00f6k b\u00facs\u00faja a Corvinban H\u00e1la \u00e9s egy kis vend\u00e9gl\u00e1t\u00e1s, a Nyugd\u00edjas Egyes\u00fcletben vend\u00e9geskedett a v\u00e1rosvezet\u00e9s Sz\u00fcleiknek \u00e9s tan\u00e1raiknak is k\u00f6sz\u00f6netet mondtak a szlov\u00e1k iskola ballag\u00f3 di\u00e1kjai Szenz\u00e1ci\u00f3s oszt\u00e1ly d\u00edsz\u00edt\u00e9ssel hagytak eml\u00e9ket a R\u00e1k\u00f3czi kilencedikesei Sport Arany\u00e9rmekkel t\u00e9rtek haza birk\u00f3z\u00f3ink Horv\u00e1torsz\u00e1gb\u00f3l G\u00fatai a megye legjobb ifj\u00fas\u00e1gi sportol\u00f3ja a [&hellip;]<\/p>\n","protected":false},"author":6,"featured_media":0,"comment_status":"open","ping_status":"closed","sticky":false,"template":"","format":"standard","meta":[],"categories":[1],"tags":[],"_links":{"self":[{"href":"http:\/\/www.gutatv.sk\/sk\/wp-json\/wp\/v2\/posts\/203867"}],"collection":[{"href":"http:\/\/www.gutatv.sk\/sk\/wp-json\/wp\/v2\/posts"}],"about":[{"href":"http:\/\/www.gutatv.sk\/sk\/wp-json\/wp\/v2\/types\/post"}],"author":[{"embeddable":true,"href":"http:\/\/www.gutatv.sk\/sk\/wp-json\/wp\/v2\/users\/6"}],"replies":[{"embeddable":true,"href":"http:\/\/www.gutatv.sk\/sk\/wp-json\/wp\/v2\/comments?post=203867"}],"version-history":[{"count":1,"href":"http:\/\/www.gutatv.sk\/sk\/wp-json\/wp\/v2\/posts\/203867\/revisions"}],"predecessor-version":[{"id":203868,"href":"http:\/\/www.gutatv.sk\/sk\/wp-json\/wp\/v2\/posts\/203867\/revisions\/203868"}],"wp:attachment":[{"href":"http:\/\/www.gutatv.sk\/sk\/wp-json\/wp\/v2\/media?parent=203867"}],"wp:term":[{"taxonomy":"category","embeddable":true,"href":"http:\/\/www.gutatv.sk\/sk\/wp-json\/wp\/v2\/categories?post=203867"},{"taxonomy":"post_tag","embeddable":true,"href":"http:\/\/www.gutatv.sk\/sk\/wp-json\/wp\/v2\/tags?post=203867"}],"curies":[{"name":"wp","href":"https:\/\/api.w.org\/{rel}","templated":true}]}}