{"id":204098,"date":"2025-07-10T09:53:56","date_gmt":"2025-07-10T07:53:56","guid":{"rendered":"http:\/\/www.gutatv.sk\/?p=204098"},"modified":"2025-07-10T09:53:56","modified_gmt":"2025-07-10T07:53:56","slug":"2025-julius-9","status":"publish","type":"post","link":"http:\/\/www.gutatv.sk\/sk\/2025-julius-9\/","title":{"rendered":"9.j\u00fal 2025"},"content":{"rendered":"<p><span class=\"yt-core-attributed-string--link-inherit-color\" dir=\"auto\">Spr\u00e1vy <\/span><\/p>\n<ul class=\"yt-core-attributed-string__list-group\" dir=\"ltr\">\n<li><span class=\"yt-core-attributed-string--link-inherit-color\" dir=\"auto\">Nev\u00eddan\u00fd \u00faspech, v oblasti D\u00f6g\u00f6s bude invest\u00edcia vo v\u00fd\u0161ke viac ako dva mili\u00f3ny eur <\/span><\/li>\n<li><span class=\"yt-core-attributed-string--link-inherit-color\" dir=\"auto\">\u201cV\u017edy budem Kol\u00e1rov\u010danka\u201d hovor\u00ed rod\u00e1\u010dka n\u00e1\u0161ho mesta, hviezdna report\u00e9rka Drahu Dobrovicsov\u00e1 <\/span><\/li>\n<li><span class=\"yt-core-attributed-string--link-inherit-color\" dir=\"auto\">V kol\u00e1rovskom zariaden\u00ed pre seniorov zorganizovali gastronomick\u00fd de\u0148 <\/span><\/li>\n<li><span class=\"yt-core-attributed-string--link-inherit-color\" dir=\"auto\">Cel\u00e1 Eur\u00f3pa mohla spozna\u0165 na\u0161ich tane\u010dn\u00edkov, na ktor\u00fdch m\u00f4\u017eeme by\u0165 pr\u00e1vom ve\u013emi hrd\u00ed <\/span><\/li>\n<li><span class=\"yt-core-attributed-string--link-inherit-color\" dir=\"auto\">Piateho j\u00fala si pripomenuli sv\u00e4t\u00e9ho Cyrila a Metoda <\/span><\/li>\n<\/ul>\n<p><span class=\"yt-core-attributed-string--link-inherit-color\" dir=\"auto\"> \u0160port <\/span><\/p>\n<ul class=\"yt-core-attributed-string__list-group\" dir=\"ltr\">\n<li><span class=\"yt-core-attributed-string--link-inherit-color\" dir=\"auto\">Skoro 40 karatistov \u00faspe\u0161ne zlo\u017eilo sk\u00fa\u0161ku na opasok v Taiyo Karate Klube <\/span><\/li>\n<\/ul>\n<p><span class=\"yt-core-attributed-string--link-inherit-color\" dir=\"auto\"> Mozaika <\/span><\/p>\n<ul class=\"yt-core-attributed-string__list-group\" dir=\"ltr\">\n<li><span class=\"yt-core-attributed-string--link-inherit-color\" dir=\"auto\">\u201cKvalita nadov\u0161etko\u201d &#8211; vyzn\u00e1va Imre K\u00fcrti, v\u00fdrobca kol\u00e1rovsk\u00e9ho piva, ktor\u00fd bol hos\u0165om n\u00e1\u0161ho podcastu <\/span><\/li>\n<li><span class=\"yt-core-attributed-string--link-inherit-color\" dir=\"auto\">Pripomenuli si zakladatate\u013eov slovasnk\u00e9ho p\u00edsomn\u00edctva, vierozvestcov slovansk\u00fdch<\/span><\/li>\n<\/ul>\n<p><\/p>","protected":false},"excerpt":{"rendered":"<p>Spr\u00e1vy Nev\u00eddan\u00fd \u00faspech, v oblasti D\u00f6g\u00f6s bude invest\u00edcia vo v\u00fd\u0161ke viac ako dva mili\u00f3ny eur \u201cV\u017edy budem Kol\u00e1rov\u010danka\u201d hovor\u00ed rod\u00e1\u010dka n\u00e1\u0161ho mesta, hviezdna report\u00e9rka Drahu Dobrovicsov\u00e1 V kol\u00e1rovskom zariaden\u00ed pre seniorov zorganizovali gastronomick\u00fd de\u0148 Cel\u00e1 Eur\u00f3pa mohla spozna\u0165 na\u0161ich tane\u010dn\u00edkov, na ktor\u00fdch m\u00f4\u017eeme by\u0165 pr\u00e1vom ve\u013emi hrd\u00ed Piateho j\u00fala si pripomenuli sv\u00e4t\u00e9ho Cyrila a Metoda [&hellip;]<\/p>\n","protected":false},"author":6,"featured_media":0,"comment_status":"open","ping_status":"closed","sticky":false,"template":"","format":"standard","meta":[],"categories":[1],"tags":[],"_links":{"self":[{"href":"http:\/\/www.gutatv.sk\/sk\/wp-json\/wp\/v2\/posts\/204098"}],"collection":[{"href":"http:\/\/www.gutatv.sk\/sk\/wp-json\/wp\/v2\/posts"}],"about":[{"href":"http:\/\/www.gutatv.sk\/sk\/wp-json\/wp\/v2\/types\/post"}],"author":[{"embeddable":true,"href":"http:\/\/www.gutatv.sk\/sk\/wp-json\/wp\/v2\/users\/6"}],"replies":[{"embeddable":true,"href":"http:\/\/www.gutatv.sk\/sk\/wp-json\/wp\/v2\/comments?post=204098"}],"version-history":[{"count":1,"href":"http:\/\/www.gutatv.sk\/sk\/wp-json\/wp\/v2\/posts\/204098\/revisions"}],"predecessor-version":[{"id":204099,"href":"http:\/\/www.gutatv.sk\/sk\/wp-json\/wp\/v2\/posts\/204098\/revisions\/204099"}],"wp:attachment":[{"href":"http:\/\/www.gutatv.sk\/sk\/wp-json\/wp\/v2\/media?parent=204098"}],"wp:term":[{"taxonomy":"category","embeddable":true,"href":"http:\/\/www.gutatv.sk\/sk\/wp-json\/wp\/v2\/categories?post=204098"},{"taxonomy":"post_tag","embeddable":true,"href":"http:\/\/www.gutatv.sk\/sk\/wp-json\/wp\/v2\/tags?post=204098"}],"curies":[{"name":"wp","href":"https:\/\/api.w.org\/{rel}","templated":true}]}}