{"id":207336,"date":"2025-09-18T10:48:38","date_gmt":"2025-09-18T08:48:38","guid":{"rendered":"http:\/\/www.gutatv.sk\/?p=207336"},"modified":"2025-09-18T10:48:38","modified_gmt":"2025-09-18T08:48:38","slug":"2025-szeptember-17","status":"publish","type":"post","link":"http:\/\/www.gutatv.sk\/sk\/2025-szeptember-17\/","title":{"rendered":"17.september 2025"},"content":{"rendered":"<p><span class=\"yt-core-attributed-string--link-inherit-color\" dir=\"auto\">Spr\u00e1vy <\/span><\/p>\n<ul class=\"yt-core-attributed-string__list-group\" dir=\"ltr\">\n<li><span class=\"yt-core-attributed-string--link-inherit-color\" dir=\"auto\">Takto m\u00f4\u017ee\u0161 pred\u00eds\u0165 \u017elta\u010dke, rady dr. Ildik\u00f3 Pap\u00e1\u010dkovej <\/span><\/li>\n<li><span class=\"yt-core-attributed-string--link-inherit-color\" dir=\"auto\">Skon\u010dila sa prv\u00e1 etapa najv\u00e4\u010d\u0161ej rekon\u0161trukcie v dejin\u00e1ch Kol\u00e1rova <\/span><\/li>\n<li><span class=\"yt-core-attributed-string--link-inherit-color\" dir=\"auto\">Ka\u017ed\u00fd k\u00fasok kol\u00e1\u010da je s\u00fastom pomoci, II. dobro\u010dinn\u00e9 pe\u010denie v MAL Caritas <\/span><\/li>\n<li><span class=\"yt-core-attributed-string--link-inherit-color\" dir=\"auto\">Ve\u013ekolep\u00e1 a nap\u00ednav\u00e1 praktick\u00e1 hodina \u0161tvrt\u00e1kov v s\u00fakromnej \u0161kole <\/span><\/li>\n<li><span class=\"yt-core-attributed-string--link-inherit-color\" dir=\"auto\">Kol\u00e1rovsk\u00e9 reformovan\u00e9 spolo\u010denstvo osl\u00e1vilo 20 rokov <\/span><\/li>\n<\/ul>\n<p><span class=\"yt-core-attributed-string--link-inherit-color\" dir=\"auto\"> \u0160port <\/span><\/p>\n<ul class=\"yt-core-attributed-string__list-group\" dir=\"ltr\">\n<li><span class=\"yt-core-attributed-string--link-inherit-color\" dir=\"auto\">Kol\u00e1rovsk\u00fd \u00faspech na 20. mestskom medzin\u00e1rodnom turnaji <\/span><\/li>\n<li><span class=\"yt-core-attributed-string--link-inherit-color\" dir=\"auto\">Na\u0161i futbalisti si na \u00fa\u010det prip\u00edsali prv\u00e9 v\u00ed\u0165azstvo <\/span><\/li>\n<li><span class=\"yt-core-attributed-string--link-inherit-color\" dir=\"auto\">Kol\u00e1rovsk\u00e1 bojovn\u00ed\u010dka MMA za\u010dala sez\u00f3nu v\u00fdhrou <\/span><\/li>\n<li><span class=\"yt-core-attributed-string--link-inherit-color\" dir=\"auto\">Na\u0161i h\u00e1dzan\u00e1ri boli v prvom kole majstrovstiev lep\u0161\u00ed ako Pezin\u010dania <\/span><\/li>\n<li><span class=\"yt-core-attributed-string--link-inherit-color\" dir=\"auto\">Bronzov\u00e1 medaila karatistov z Budape\u0161ti <\/span><\/li>\n<\/ul>\n<p><span class=\"yt-core-attributed-string--link-inherit-color\" dir=\"auto\"> Mozaika <\/span><\/p>\n<ul class=\"yt-core-attributed-string__list-group\" dir=\"ltr\">\n<li><span class=\"yt-core-attributed-string--link-inherit-color\" dir=\"auto\">Ko\u013eko je to\u013eko?! Zbohatnutie v mladom veku, o tom sme sa rozpr\u00e1vali s finan\u010dn\u00fdm odborn\u00edkom \u00c1rp\u00e1dom Szalaim<\/span><\/li>\n<\/ul>\n<p><\/p>","protected":false},"excerpt":{"rendered":"<p>Spr\u00e1vy Takto m\u00f4\u017ee\u0161 pred\u00eds\u0165 \u017elta\u010dke, rady dr. Ildik\u00f3 Pap\u00e1\u010dkovej Skon\u010dila sa prv\u00e1 etapa najv\u00e4\u010d\u0161ej rekon\u0161trukcie v dejin\u00e1ch Kol\u00e1rova Ka\u017ed\u00fd k\u00fasok kol\u00e1\u010da je s\u00fastom pomoci, II. dobro\u010dinn\u00e9 pe\u010denie v MAL Caritas Ve\u013ekolep\u00e1 a nap\u00ednav\u00e1 praktick\u00e1 hodina \u0161tvrt\u00e1kov v s\u00fakromnej \u0161kole Kol\u00e1rovsk\u00e9 reformovan\u00e9 spolo\u010denstvo osl\u00e1vilo 20 rokov \u0160port Kol\u00e1rovsk\u00fd \u00faspech na 20. mestskom medzin\u00e1rodnom turnaji Na\u0161i futbalisti [&hellip;]<\/p>\n","protected":false},"author":6,"featured_media":0,"comment_status":"open","ping_status":"closed","sticky":false,"template":"","format":"standard","meta":[],"categories":[1],"tags":[],"_links":{"self":[{"href":"http:\/\/www.gutatv.sk\/sk\/wp-json\/wp\/v2\/posts\/207336"}],"collection":[{"href":"http:\/\/www.gutatv.sk\/sk\/wp-json\/wp\/v2\/posts"}],"about":[{"href":"http:\/\/www.gutatv.sk\/sk\/wp-json\/wp\/v2\/types\/post"}],"author":[{"embeddable":true,"href":"http:\/\/www.gutatv.sk\/sk\/wp-json\/wp\/v2\/users\/6"}],"replies":[{"embeddable":true,"href":"http:\/\/www.gutatv.sk\/sk\/wp-json\/wp\/v2\/comments?post=207336"}],"version-history":[{"count":1,"href":"http:\/\/www.gutatv.sk\/sk\/wp-json\/wp\/v2\/posts\/207336\/revisions"}],"predecessor-version":[{"id":207337,"href":"http:\/\/www.gutatv.sk\/sk\/wp-json\/wp\/v2\/posts\/207336\/revisions\/207337"}],"wp:attachment":[{"href":"http:\/\/www.gutatv.sk\/sk\/wp-json\/wp\/v2\/media?parent=207336"}],"wp:term":[{"taxonomy":"category","embeddable":true,"href":"http:\/\/www.gutatv.sk\/sk\/wp-json\/wp\/v2\/categories?post=207336"},{"taxonomy":"post_tag","embeddable":true,"href":"http:\/\/www.gutatv.sk\/sk\/wp-json\/wp\/v2\/tags?post=207336"}],"curies":[{"name":"wp","href":"https:\/\/api.w.org\/{rel}","templated":true}]}}