{"id":208300,"date":"2025-10-02T11:22:07","date_gmt":"2025-10-02T09:22:07","guid":{"rendered":"http:\/\/www.gutatv.sk\/?p=208300"},"modified":"2025-10-02T11:22:07","modified_gmt":"2025-10-02T09:22:07","slug":"2025-oktober-1","status":"publish","type":"post","link":"http:\/\/www.gutatv.sk\/sk\/2025-oktober-1\/","title":{"rendered":"1.okt\u00f3ber 2025"},"content":{"rendered":"<p>Spr\u00e1vy<\/p>\n<ul>\n<li>Na\u0161e mesto bolo domovom medzin\u00e1rodnej cyklistickej s\u00fa\u0165a\u017ee<\/li>\n<li>Attila Forg\u00e1cs, kol\u00e1rovsk\u00fd producent, z\u00edskal najprest\u00ed\u017enej\u0161ie filmov\u00e9 ocenenie<\/li>\n<li>Plnen\u00e1 kapusta a priate\u013estvo, deleg\u00e1cia n\u00e1\u0161ho mesta hos\u0165ovala v Mez\u0151ber\u00e9ny<\/li>\n<li>Kult\u00fara nadov\u0161etko, odborn\u00e1 komisia a aj mesto podporuj\u00fa ob\u010dianske zdru\u017eenia<\/li>\n<li>Multifunk\u010dn\u00e9 \u0161portov\u00e9 ihrisko op\u00e4\u0165 obohatilo jednu z kol\u00e1rovsk\u00fdch \u0161k\u00f4l<\/li>\n<li>Mal\u00ed aj ve\u013ek\u00ed tancovali v rytme v dome \u013eudov\u00fdch trad\u00edci\u00ed<\/li>\n<li>Kol\u00e1rovsk\u00e9 nebo po\u010das VI.\u0160arkani\u00e1dy vo Ve\u013ekej G\u00fate zaplnili \u0161arkany<\/li>\n<\/ul>\n<p>\u0160port<\/p>\n<ul>\n<li>Zachov\u00e1vanie trad\u00edci\u00ed, v\u00fdzva, zru\u010dnos\u0165 a \u0161port \u2013 v Kol\u00e1rove sa konal II. Hunsk\u00fd turnaj<\/li>\n<li>V na\u0161om meste s\u00fa\u0165a\u017eili najlep\u0161\u00ed strelci<\/li>\n<li>\u00daspechy mlad\u00fdch \u0161portovcov jitsu v Brne<\/li>\n<li>Na\u0161i z\u00e1pasn\u00edci sa zo Sv\u00e4teho Petra vr\u00e1tili s leskn\u00facimi sa medailami<\/li>\n<li>Tri z troch, na\u0161i futbalisti s\u00fa nezastavite\u013en\u00ed<\/li>\n<li>Dvan\u00e1s\u0165 det\u00ed, sedem medail\u00ed, na\u0161i d\u017eudisti v Malack\u00e1ch<\/li>\n<li>Na\u0161i karatisti za\u010dali sez\u00f3nu z\u00edskavan\u00ed medail\u00ed<\/li>\n<li>Kol\u00e1rovsk\u00e1 z\u00e1stava op\u00e4\u0165 na vrchole sveta, op\u00e4\u0165 nad\u013eudsk\u00fd v\u00fdkon<\/li>\n<\/ul>\n<p><\/p>","protected":false},"excerpt":{"rendered":"<p>Spr\u00e1vy Na\u0161e mesto bolo domovom medzin\u00e1rodnej cyklistickej s\u00fa\u0165a\u017ee Attila Forg\u00e1cs, kol\u00e1rovsk\u00fd producent, z\u00edskal najprest\u00ed\u017enej\u0161ie filmov\u00e9 ocenenie Plnen\u00e1 kapusta a priate\u013estvo, deleg\u00e1cia n\u00e1\u0161ho mesta hos\u0165ovala v Mez\u0151ber\u00e9ny Kult\u00fara nadov\u0161etko, odborn\u00e1 komisia a aj mesto podporuj\u00fa ob\u010dianske zdru\u017eenia Multifunk\u010dn\u00e9 \u0161portov\u00e9 ihrisko op\u00e4\u0165 obohatilo jednu z kol\u00e1rovsk\u00fdch \u0161k\u00f4l Mal\u00ed aj ve\u013ek\u00ed tancovali v rytme v dome \u013eudov\u00fdch trad\u00edci\u00ed [&hellip;]<\/p>\n","protected":false},"author":6,"featured_media":0,"comment_status":"open","ping_status":"closed","sticky":false,"template":"","format":"standard","meta":[],"categories":[1],"tags":[],"_links":{"self":[{"href":"http:\/\/www.gutatv.sk\/sk\/wp-json\/wp\/v2\/posts\/208300"}],"collection":[{"href":"http:\/\/www.gutatv.sk\/sk\/wp-json\/wp\/v2\/posts"}],"about":[{"href":"http:\/\/www.gutatv.sk\/sk\/wp-json\/wp\/v2\/types\/post"}],"author":[{"embeddable":true,"href":"http:\/\/www.gutatv.sk\/sk\/wp-json\/wp\/v2\/users\/6"}],"replies":[{"embeddable":true,"href":"http:\/\/www.gutatv.sk\/sk\/wp-json\/wp\/v2\/comments?post=208300"}],"version-history":[{"count":1,"href":"http:\/\/www.gutatv.sk\/sk\/wp-json\/wp\/v2\/posts\/208300\/revisions"}],"predecessor-version":[{"id":208301,"href":"http:\/\/www.gutatv.sk\/sk\/wp-json\/wp\/v2\/posts\/208300\/revisions\/208301"}],"wp:attachment":[{"href":"http:\/\/www.gutatv.sk\/sk\/wp-json\/wp\/v2\/media?parent=208300"}],"wp:term":[{"taxonomy":"category","embeddable":true,"href":"http:\/\/www.gutatv.sk\/sk\/wp-json\/wp\/v2\/categories?post=208300"},{"taxonomy":"post_tag","embeddable":true,"href":"http:\/\/www.gutatv.sk\/sk\/wp-json\/wp\/v2\/tags?post=208300"}],"curies":[{"name":"wp","href":"https:\/\/api.w.org\/{rel}","templated":true}]}}