{"id":208867,"date":"2025-10-16T10:42:31","date_gmt":"2025-10-16T08:42:31","guid":{"rendered":"http:\/\/www.gutatv.sk\/?p=208867"},"modified":"2025-10-16T10:43:16","modified_gmt":"2025-10-16T08:43:16","slug":"2025-oktober-15","status":"publish","type":"post","link":"http:\/\/www.gutatv.sk\/sk\/2025-oktober-15\/","title":{"rendered":"15.okt\u00f3ber 2025"},"content":{"rendered":"<p><span class=\"yt-core-attributed-string--link-inherit-color\" dir=\"auto\">Spr\u00e1vy <\/span><\/p>\n<ul class=\"yt-core-attributed-string__list-group\" dir=\"ltr\">\n<li><span class=\"yt-core-attributed-string--link-inherit-color\" dir=\"auto\">Spev\u00e1cky zbor Harm\u00f3nia reprezentoval Kol\u00e1rovo na stretnut\u00ed zborov d\u00f4chodcov <\/span><\/li>\n<li><span class=\"yt-core-attributed-string--link-inherit-color\" dir=\"auto\">\u0160k\u00f4lkari z Lesnej ulice sa mohli z\u00fa\u010dastni\u0165 netradi\u010dnej d\u017eudistickej hodiny \u0161portovej v\u00fdchovy <\/span><\/li>\n<li><span class=\"yt-core-attributed-string--link-inherit-color\" dir=\"auto\">V cirkevnej spojenej \u0161kole sa konal de\u0148 na uchov\u00e1vanie trad\u00edci\u00ed <\/span><\/li>\n<li><span class=\"yt-core-attributed-string--link-inherit-color\" dir=\"auto\">V\u00fdstava kol\u00e1rovskej umelkyne Marty Jankovich sa otvorila pod n\u00e1zvom \u201cSvet farieb\u201d <\/span><\/li>\n<li><span class=\"yt-core-attributed-string--link-inherit-color\" dir=\"auto\">Dva dni v \u010dare v\u00edn, v Kol\u00e1rove sa konalo III. V\u00ednne korzo <\/span><\/li>\n<li><span class=\"yt-core-attributed-string--link-inherit-color\" dir=\"auto\">V \u0161kole Komensk\u00e9ho sa konala tekvicov\u00e1 par\u00e1da <\/span><\/li>\n<\/ul>\n<p><span class=\"yt-core-attributed-string--link-inherit-color\" dir=\"auto\"> \u0160port <\/span><\/p>\n<ul class=\"yt-core-attributed-string__list-group\" dir=\"ltr\">\n<li><span class=\"yt-core-attributed-string--link-inherit-color\" dir=\"auto\">Na\u0161i hr\u00e1\u010di stoln\u00e9ho tenisu za\u010dali majstrovstv\u00e1 nevyrovnane <\/span><\/li>\n<li><span class=\"yt-core-attributed-string--link-inherit-color\" dir=\"auto\">S\u00fa\u0165a\u017eiaca v agaility nez\u00edskala hor\u0161ie umiestnenie ako miesto na stupni v\u00ed\u0165azov <\/span><\/li>\n<li><span class=\"yt-core-attributed-string--link-inherit-color\" dir=\"auto\">V Kol\u00e1rove s\u00fa\u0165a\u017eili najlep\u0161\u00ed s\u00e1lov\u00ed cyklisti Slovenska <\/span><\/li>\n<li><span class=\"yt-core-attributed-string--link-inherit-color\" dir=\"auto\">Na\u0161im futbalistom sa preru\u0161ila s\u00e9ria bez prehry <\/span><\/li>\n<\/ul>\n<p><span class=\"yt-core-attributed-string--link-inherit-color\" dir=\"auto\"> Mozaika <\/span><\/p>\n<ul class=\"yt-core-attributed-string__list-group\" dir=\"ltr\">\n<li><span class=\"yt-core-attributed-string--link-inherit-color\" dir=\"auto\">Kol\u00e1rovsk\u00e1 oslava v\u00edn skuto\u010dn\u00fdm \u00faspe\u0161n\u00fdm pr\u00edbehom <\/span><\/li>\n<li><span class=\"yt-core-attributed-string--link-inherit-color\" dir=\"auto\">Dobro\u010dinn\u00e1 ve\u010dera pre kol\u00e1rovsk\u00e9 deti, v Kol\u00e1rove sa za\u010dala nov\u00e1 iniciat\u00edva<\/span><\/li>\n<\/ul>\n<p><\/p>","protected":false},"excerpt":{"rendered":"<p>Spr\u00e1vy Spev\u00e1cky zbor Harm\u00f3nia reprezentoval Kol\u00e1rovo na stretnut\u00ed zborov d\u00f4chodcov \u0160k\u00f4lkari z Lesnej ulice sa mohli z\u00fa\u010dastni\u0165 netradi\u010dnej d\u017eudistickej hodiny \u0161portovej v\u00fdchovy V cirkevnej spojenej \u0161kole sa konal de\u0148 na uchov\u00e1vanie trad\u00edci\u00ed V\u00fdstava kol\u00e1rovskej umelkyne Marty Jankovich sa otvorila pod n\u00e1zvom \u201cSvet farieb\u201d Dva dni v \u010dare v\u00edn, v Kol\u00e1rove sa konalo III. V\u00ednne korzo [&hellip;]<\/p>\n","protected":false},"author":6,"featured_media":0,"comment_status":"open","ping_status":"closed","sticky":false,"template":"","format":"standard","meta":[],"categories":[1],"tags":[],"_links":{"self":[{"href":"http:\/\/www.gutatv.sk\/sk\/wp-json\/wp\/v2\/posts\/208867"}],"collection":[{"href":"http:\/\/www.gutatv.sk\/sk\/wp-json\/wp\/v2\/posts"}],"about":[{"href":"http:\/\/www.gutatv.sk\/sk\/wp-json\/wp\/v2\/types\/post"}],"author":[{"embeddable":true,"href":"http:\/\/www.gutatv.sk\/sk\/wp-json\/wp\/v2\/users\/6"}],"replies":[{"embeddable":true,"href":"http:\/\/www.gutatv.sk\/sk\/wp-json\/wp\/v2\/comments?post=208867"}],"version-history":[{"count":2,"href":"http:\/\/www.gutatv.sk\/sk\/wp-json\/wp\/v2\/posts\/208867\/revisions"}],"predecessor-version":[{"id":208869,"href":"http:\/\/www.gutatv.sk\/sk\/wp-json\/wp\/v2\/posts\/208867\/revisions\/208869"}],"wp:attachment":[{"href":"http:\/\/www.gutatv.sk\/sk\/wp-json\/wp\/v2\/media?parent=208867"}],"wp:term":[{"taxonomy":"category","embeddable":true,"href":"http:\/\/www.gutatv.sk\/sk\/wp-json\/wp\/v2\/categories?post=208867"},{"taxonomy":"post_tag","embeddable":true,"href":"http:\/\/www.gutatv.sk\/sk\/wp-json\/wp\/v2\/tags?post=208867"}],"curies":[{"name":"wp","href":"https:\/\/api.w.org\/{rel}","templated":true}]}}