{"id":210636,"date":"2025-11-20T12:21:57","date_gmt":"2025-11-20T10:21:57","guid":{"rendered":"http:\/\/www.gutatv.sk\/?p=210636"},"modified":"2025-11-20T12:22:26","modified_gmt":"2025-11-20T10:22:26","slug":"2025-november-19","status":"publish","type":"post","link":"http:\/\/www.gutatv.sk\/sk\/2025-november-19\/","title":{"rendered":"19.november 2025"},"content":{"rendered":"<p>Spr\u00e1vy<\/p>\n<ul>\n<li>Vody Kol\u00e1rova sa obohatili o tridsa\u0165 metr\u00e1kov r\u00fdb<\/li>\n<li>V na\u0161om meste sa konal lampi\u00f3nov\u00fd sprievod pri pr\u00edle\u017eitosti d\u0148a sv\u00e4t\u00e9ho Martina<\/li>\n<li>Kom\u00e1r\u0148ansk\u00e1 agent\u00fara region\u00e1lneho rozvoja uskuto\u010dnila svoje valn\u00e9 zhroma\u017edenie v Kol\u00e1rove<\/li>\n<li>Prv\u00fd petaque tr\u00e9ning mal v kruhu \u010dlenov Jednoty d\u00f4chodcov ve\u013ek\u00fd \u00faspech<\/li>\n<li>Samospr\u00e1va mesta ods\u00fahlasila rozpo\u010det na rok 2026 v rekordnej v\u00fd\u0161ke<\/li>\n<li>Oslava pri pr\u00edle\u017eitosti d\u0148a sv\u00e4t\u00e9ho Martina o\u010darila v\u0161etk\u00fdch<\/li>\n<li>Polo\u017eili z\u00e1kladn\u00fd kame\u0148 n\u00e1kupn\u00e9ho strediska Mlyn<\/li>\n<li>Dobro\u010dinnos\u0165 nadov\u0161etko<\/li>\n<\/ul>\n<p>\u0160port<\/p>\n<ul>\n<li>Na\u0161i futbalisti ukon\u010dili jesenn\u00fa sez\u00f3nu na desiatom mieste<\/li>\n<li>Medaily karatistov zo Slovensk\u00e9ho poh\u00e1ra<\/li>\n<li>Najlep\u0161\u00ed v\u00fdkon v\u0161etk\u00fdch \u010dias od na\u0161ich s\u00e1lov\u00fdch cyklistov na Majstrovstv\u00e1ch sveta<\/li>\n<li>Na\u0161im hr\u00e1\u010dom stoln\u00e9ho tenisu sa u\u0161lo zo v\u0161etk\u00e9ho<\/li>\n<li>Kol\u00e1rovsk\u00e1 diev\u010dina so svojimi psami je nezastavite\u013en\u00e1<\/li>\n<li>Strieborn\u00e1 medaila kol\u00e1rovsk\u00fdch sil\u00e1kov sa pekne leskne<\/li>\n<\/ul>\n<p>Mozaika<\/p>\n<ul>\n<li>Samospr\u00e1va prijala rekordn\u00fd rozpo\u010det na rok 2026<\/li>\n<\/ul>\n<p><\/p>","protected":false},"excerpt":{"rendered":"<p>Spr\u00e1vy Vody Kol\u00e1rova sa obohatili o tridsa\u0165 metr\u00e1kov r\u00fdb V na\u0161om meste sa konal lampi\u00f3nov\u00fd sprievod pri pr\u00edle\u017eitosti d\u0148a sv\u00e4t\u00e9ho Martina Kom\u00e1r\u0148ansk\u00e1 agent\u00fara region\u00e1lneho rozvoja uskuto\u010dnila svoje valn\u00e9 zhroma\u017edenie v Kol\u00e1rove Prv\u00fd petaque tr\u00e9ning mal v kruhu \u010dlenov Jednoty d\u00f4chodcov ve\u013ek\u00fd \u00faspech Samospr\u00e1va mesta ods\u00fahlasila rozpo\u010det na rok 2026 v rekordnej v\u00fd\u0161ke Oslava pri pr\u00edle\u017eitosti [&hellip;]<\/p>\n","protected":false},"author":6,"featured_media":0,"comment_status":"open","ping_status":"closed","sticky":false,"template":"","format":"standard","meta":[],"categories":[1],"tags":[],"_links":{"self":[{"href":"http:\/\/www.gutatv.sk\/sk\/wp-json\/wp\/v2\/posts\/210636"}],"collection":[{"href":"http:\/\/www.gutatv.sk\/sk\/wp-json\/wp\/v2\/posts"}],"about":[{"href":"http:\/\/www.gutatv.sk\/sk\/wp-json\/wp\/v2\/types\/post"}],"author":[{"embeddable":true,"href":"http:\/\/www.gutatv.sk\/sk\/wp-json\/wp\/v2\/users\/6"}],"replies":[{"embeddable":true,"href":"http:\/\/www.gutatv.sk\/sk\/wp-json\/wp\/v2\/comments?post=210636"}],"version-history":[{"count":2,"href":"http:\/\/www.gutatv.sk\/sk\/wp-json\/wp\/v2\/posts\/210636\/revisions"}],"predecessor-version":[{"id":210638,"href":"http:\/\/www.gutatv.sk\/sk\/wp-json\/wp\/v2\/posts\/210636\/revisions\/210638"}],"wp:attachment":[{"href":"http:\/\/www.gutatv.sk\/sk\/wp-json\/wp\/v2\/media?parent=210636"}],"wp:term":[{"taxonomy":"category","embeddable":true,"href":"http:\/\/www.gutatv.sk\/sk\/wp-json\/wp\/v2\/categories?post=210636"},{"taxonomy":"post_tag","embeddable":true,"href":"http:\/\/www.gutatv.sk\/sk\/wp-json\/wp\/v2\/tags?post=210636"}],"curies":[{"name":"wp","href":"https:\/\/api.w.org\/{rel}","templated":true}]}}