{"id":211084,"date":"2025-11-27T10:51:13","date_gmt":"2025-11-27T08:51:13","guid":{"rendered":"http:\/\/www.gutatv.sk\/?p=211084"},"modified":"2025-11-27T10:51:13","modified_gmt":"2025-11-27T08:51:13","slug":"2025-november-26","status":"publish","type":"post","link":"http:\/\/www.gutatv.sk\/sk\/2025-november-26\/","title":{"rendered":"26.november 2025"},"content":{"rendered":"<p><span class=\"yt-core-attributed-string--link-inherit-color\" dir=\"auto\">Spr\u00e1vy <\/span><\/p>\n<ul class=\"yt-core-attributed-string__list-group\" dir=\"ltr\">\n<li><span class=\"yt-core-attributed-string--link-inherit-color\" dir=\"auto\">Zrekon\u0161truovan\u00e1 kaplnka v domove d\u00f4chodcov bola vysv\u00e4ten\u00e1 <\/span><\/li>\n<li><span class=\"yt-core-attributed-string--link-inherit-color\" dir=\"auto\">V cirkevnej spojenej \u0161kole sa jeden de\u0148 to\u010dilo v\u0161etko okolo vedy <\/span><\/li>\n<li><span class=\"yt-core-attributed-string--link-inherit-color\" dir=\"auto\">\u0160koly v Kol\u00e1rove sa spolo\u010dne postavili proti t\u00fdraniu det\u00ed <\/span><\/li>\n<li><span class=\"yt-core-attributed-string--link-inherit-color\" dir=\"auto\">V\u00fdstavba Lidla v Kol\u00e1rove sa za\u010dala ve\u013ek\u00fdm tempom <\/span><\/li>\n<li><span class=\"yt-core-attributed-string--link-inherit-color\" dir=\"auto\">Ultrabe\u017eec R\u00f3bert Nagy predn\u00e1\u0161al o svojich nad\u013eudsk\u00fdch \u00faspechoch v strednej \u0161kole v na\u0161om meste <\/span><\/li>\n<li><span class=\"yt-core-attributed-string--link-inherit-color\" dir=\"auto\">G\u00fata TV sa z\u00fa\u010dastnila medi\u00e1lnej konferencie <\/span><\/li>\n<li><span class=\"yt-core-attributed-string--link-inherit-color\" dir=\"auto\">Mnoh\u00ed boli zvedav\u00ed na verejn\u00e9 f\u00f3rum <\/span><\/li>\n<li><span class=\"yt-core-attributed-string--link-inherit-color\" dir=\"auto\">Zabavili sa v prospech \u0161k\u00f4lkarov <\/span><\/li>\n<\/ul>\n<p><span class=\"yt-core-attributed-string--link-inherit-color\" dir=\"auto\"> \u0160port <\/span><\/p>\n<ul class=\"yt-core-attributed-string__list-group\" dir=\"ltr\">\n<li><span class=\"yt-core-attributed-string--link-inherit-color\" dir=\"auto\">Pred\u010dasne zosnul\u00e9ho futbalistu si pripomenuli \u0161portom <\/span><\/li>\n<li><span class=\"yt-core-attributed-string--link-inherit-color\" dir=\"auto\">Na\u0161i hr\u00e1\u010di stoln\u00e9ho tenisu sa \u010falej ako k rem\u00edze nedopracovali <\/span><\/li>\n<li><span class=\"yt-core-attributed-string--link-inherit-color\" dir=\"auto\">Dva dni s\u00fa\u0165a\u017ee u na\u0161ich karatistov <\/span><\/li>\n<li><span class=\"yt-core-attributed-string--link-inherit-color\" dir=\"auto\">Harcm\u0171v\u00e9szeti szemin\u00e1riumot rendeztek a g\u00fatai jitsusok <\/span><\/li>\n<li><span class=\"yt-core-attributed-string--link-inherit-color\" dir=\"auto\">Sp\u0155\u0161ka medail\u00ed u z\u00e1pasn\u00edkov na s\u00fa\u0165a\u017ei v Ma\u010farsku <\/span><\/li>\n<\/ul>\n<p><span class=\"yt-core-attributed-string--link-inherit-color\" dir=\"auto\"> Mozaika <\/span><\/p>\n<ul class=\"yt-core-attributed-string__list-group\" dir=\"ltr\">\n<li><span class=\"yt-core-attributed-string--link-inherit-color\" dir=\"auto\">Report\u00e1\u017e IFI TV sa hl\u00e1si s novou t\u00e9mou, nov\u00fdmi talentami <\/span><\/li>\n<li><span class=\"yt-core-attributed-string--link-inherit-color\" dir=\"auto\">U\u017e vieme, kto bud\u00fa interpreti kol\u00e1rovsk\u00e9ho jarmoku!<\/span><\/li>\n<\/ul>\n<p><\/p>","protected":false},"excerpt":{"rendered":"<p>Spr\u00e1vy Zrekon\u0161truovan\u00e1 kaplnka v domove d\u00f4chodcov bola vysv\u00e4ten\u00e1 V cirkevnej spojenej \u0161kole sa jeden de\u0148 to\u010dilo v\u0161etko okolo vedy \u0160koly v Kol\u00e1rove sa spolo\u010dne postavili proti t\u00fdraniu det\u00ed V\u00fdstavba Lidla v Kol\u00e1rove sa za\u010dala ve\u013ek\u00fdm tempom Ultrabe\u017eec R\u00f3bert Nagy predn\u00e1\u0161al o svojich nad\u013eudsk\u00fdch \u00faspechoch v strednej \u0161kole v na\u0161om meste G\u00fata TV sa z\u00fa\u010dastnila medi\u00e1lnej [&hellip;]<\/p>\n","protected":false},"author":6,"featured_media":0,"comment_status":"open","ping_status":"closed","sticky":false,"template":"","format":"standard","meta":[],"categories":[1],"tags":[],"_links":{"self":[{"href":"http:\/\/www.gutatv.sk\/sk\/wp-json\/wp\/v2\/posts\/211084"}],"collection":[{"href":"http:\/\/www.gutatv.sk\/sk\/wp-json\/wp\/v2\/posts"}],"about":[{"href":"http:\/\/www.gutatv.sk\/sk\/wp-json\/wp\/v2\/types\/post"}],"author":[{"embeddable":true,"href":"http:\/\/www.gutatv.sk\/sk\/wp-json\/wp\/v2\/users\/6"}],"replies":[{"embeddable":true,"href":"http:\/\/www.gutatv.sk\/sk\/wp-json\/wp\/v2\/comments?post=211084"}],"version-history":[{"count":1,"href":"http:\/\/www.gutatv.sk\/sk\/wp-json\/wp\/v2\/posts\/211084\/revisions"}],"predecessor-version":[{"id":211085,"href":"http:\/\/www.gutatv.sk\/sk\/wp-json\/wp\/v2\/posts\/211084\/revisions\/211085"}],"wp:attachment":[{"href":"http:\/\/www.gutatv.sk\/sk\/wp-json\/wp\/v2\/media?parent=211084"}],"wp:term":[{"taxonomy":"category","embeddable":true,"href":"http:\/\/www.gutatv.sk\/sk\/wp-json\/wp\/v2\/categories?post=211084"},{"taxonomy":"post_tag","embeddable":true,"href":"http:\/\/www.gutatv.sk\/sk\/wp-json\/wp\/v2\/tags?post=211084"}],"curies":[{"name":"wp","href":"https:\/\/api.w.org\/{rel}","templated":true}]}}