{"id":211364,"date":"2025-12-04T11:23:40","date_gmt":"2025-12-04T09:23:40","guid":{"rendered":"http:\/\/www.gutatv.sk\/?p=211364"},"modified":"2025-12-04T11:23:40","modified_gmt":"2025-12-04T09:23:40","slug":"2025-december-3","status":"publish","type":"post","link":"http:\/\/www.gutatv.sk\/sk\/2025-december-3\/","title":{"rendered":"3.december 2025"},"content":{"rendered":"<p><span class=\"yt-core-attributed-string--link-inherit-color\" dir=\"auto\">Spr\u00e1vy <\/span><\/p>\n<ul class=\"yt-core-attributed-string__list-group\" dir=\"ltr\">\n<li><span class=\"yt-core-attributed-string--link-inherit-color\" dir=\"auto\">Pal\u00e1c kr\u00e1\u013ea Mateja sa pres\u0165ahoval do Kol\u00e1rova, prv\u00e1ci Korv\u00ednky boli sl\u00e1vnostne imatrikulovan\u00ed <\/span><\/li>\n<li><span class=\"yt-core-attributed-string--link-inherit-color\" dir=\"auto\">Na\u0161e mesto zahalen\u00e9 v sviato\u010dnom svetle <\/span><\/li>\n<li><span class=\"yt-core-attributed-string--link-inherit-color\" dir=\"auto\">Spojen\u00e1 cirkevn\u00e1 \u0161kola sa odela do adventn\u00fdch vencov <\/span><\/li>\n<li><span class=\"yt-core-attributed-string--link-inherit-color\" dir=\"auto\">Na\u0161e mesto sa obohatilo o 1200 stromov <\/span><\/li>\n<li><span class=\"yt-core-attributed-string--link-inherit-color\" dir=\"auto\">Viano\u010dn\u00fd remeseln\u00fd trh v dome \u013eudov\u00fdch trad\u00edci\u00ed <\/span><\/li>\n<li><span class=\"yt-core-attributed-string--link-inherit-color\" dir=\"auto\">Prv\u00e1 svie\u010dka na adventnom venci n\u00e1\u0161ho mesta roz\u017eiarila v sprievode ve\u013ekolep\u00e9ho programu <\/span><\/li>\n<\/ul>\n<p><span class=\"yt-core-attributed-string--link-inherit-color\" dir=\"auto\">\u0160port <\/span><\/p>\n<ul class=\"yt-core-attributed-string__list-group\" dir=\"ltr\">\n<li><span class=\"yt-core-attributed-string--link-inherit-color\" dir=\"auto\">Na\u0161i futbalisti do \u00f4smich rokov od\u0161tartovali svoj z\u00e1pas v Zlatnej na Ostrove <\/span><\/li>\n<li><span class=\"yt-core-attributed-string--link-inherit-color\" dir=\"auto\">Stoln\u00ed tenisti z\u00edskali \u0161irok\u00fa \u0161k\u00e1lu v\u00fdsledkov <\/span><\/li>\n<\/ul>\n<p><span class=\"yt-core-attributed-string--link-inherit-color\" dir=\"auto\">Mozaika <\/span><\/p>\n<ul class=\"yt-core-attributed-string__list-group\" dir=\"ltr\">\n<li><span class=\"yt-core-attributed-string--link-inherit-color\" dir=\"auto\">Zap\u00e1lenie svie\u010dky, sviato\u010dn\u00fd program, predstavenie knihy, za\u010dalo sa obdobie spolupatri\u010dnosti<\/span><\/li>\n<\/ul>\n<p><\/p>","protected":false},"excerpt":{"rendered":"<p>Spr\u00e1vy Pal\u00e1c kr\u00e1\u013ea Mateja sa pres\u0165ahoval do Kol\u00e1rova, prv\u00e1ci Korv\u00ednky boli sl\u00e1vnostne imatrikulovan\u00ed Na\u0161e mesto zahalen\u00e9 v sviato\u010dnom svetle Spojen\u00e1 cirkevn\u00e1 \u0161kola sa odela do adventn\u00fdch vencov Na\u0161e mesto sa obohatilo o 1200 stromov Viano\u010dn\u00fd remeseln\u00fd trh v dome \u013eudov\u00fdch trad\u00edci\u00ed Prv\u00e1 svie\u010dka na adventnom venci n\u00e1\u0161ho mesta roz\u017eiarila v sprievode ve\u013ekolep\u00e9ho programu \u0160port Na\u0161i [&hellip;]<\/p>\n","protected":false},"author":6,"featured_media":0,"comment_status":"open","ping_status":"closed","sticky":false,"template":"","format":"standard","meta":[],"categories":[1],"tags":[],"_links":{"self":[{"href":"http:\/\/www.gutatv.sk\/sk\/wp-json\/wp\/v2\/posts\/211364"}],"collection":[{"href":"http:\/\/www.gutatv.sk\/sk\/wp-json\/wp\/v2\/posts"}],"about":[{"href":"http:\/\/www.gutatv.sk\/sk\/wp-json\/wp\/v2\/types\/post"}],"author":[{"embeddable":true,"href":"http:\/\/www.gutatv.sk\/sk\/wp-json\/wp\/v2\/users\/6"}],"replies":[{"embeddable":true,"href":"http:\/\/www.gutatv.sk\/sk\/wp-json\/wp\/v2\/comments?post=211364"}],"version-history":[{"count":1,"href":"http:\/\/www.gutatv.sk\/sk\/wp-json\/wp\/v2\/posts\/211364\/revisions"}],"predecessor-version":[{"id":211365,"href":"http:\/\/www.gutatv.sk\/sk\/wp-json\/wp\/v2\/posts\/211364\/revisions\/211365"}],"wp:attachment":[{"href":"http:\/\/www.gutatv.sk\/sk\/wp-json\/wp\/v2\/media?parent=211364"}],"wp:term":[{"taxonomy":"category","embeddable":true,"href":"http:\/\/www.gutatv.sk\/sk\/wp-json\/wp\/v2\/categories?post=211364"},{"taxonomy":"post_tag","embeddable":true,"href":"http:\/\/www.gutatv.sk\/sk\/wp-json\/wp\/v2\/tags?post=211364"}],"curies":[{"name":"wp","href":"https:\/\/api.w.org\/{rel}","templated":true}]}}