{"id":211751,"date":"2025-12-12T10:43:46","date_gmt":"2025-12-12T08:43:46","guid":{"rendered":"http:\/\/www.gutatv.sk\/?p=211751"},"modified":"2025-12-12T10:43:46","modified_gmt":"2025-12-12T08:43:46","slug":"2025-december-10","status":"publish","type":"post","link":"http:\/\/www.gutatv.sk\/sk\/2025-december-10\/","title":{"rendered":"10.december 2025"},"content":{"rendered":"<p><span class=\"yt-core-attributed-string--link-inherit-color\" dir=\"auto\">Spr\u00e1vy <\/span><\/p>\n<ul class=\"yt-core-attributed-string__list-group\" dir=\"ltr\">\n<li><span class=\"yt-core-attributed-string--link-inherit-color\" dir=\"auto\">Kol\u00e1rovsk\u00ed seniori si mohli u\u017ei\u0165 koncert svetozn\u00e1mej opernej trojice <\/span><\/li>\n<li><span class=\"yt-core-attributed-string--link-inherit-color\" dir=\"auto\">Viano\u010dn\u00e9 popoludnie v klube d\u00f4chodcov <\/span><\/li>\n<li><span class=\"yt-core-attributed-string--link-inherit-color\" dir=\"auto\">Viano\u010dn\u00fd strom\u010dek n\u00e1\u0161ho mesta odet\u00fd vo viano\u010dnom \u0161ate <\/span><\/li>\n<li><span class=\"yt-core-attributed-string--link-inherit-color\" dir=\"auto\">Mikul\u00e1\u0161 v Kol\u00e1rove a priviedol aj svojich kamar\u00e1tov <\/span><\/li>\n<li><span class=\"yt-core-attributed-string--link-inherit-color\" dir=\"auto\">Prip\u00ednanie stu\u017eiek a stu\u017ekov\u00e1 sl\u00e1vnos\u0165 v mestskej strednej \u0161kole <\/span><\/li>\n<\/ul>\n<p><span class=\"yt-core-attributed-string--link-inherit-color\" dir=\"auto\"> \u0160port <\/span><\/p>\n<ul class=\"yt-core-attributed-string__list-group\" dir=\"ltr\">\n<li><span class=\"yt-core-attributed-string--link-inherit-color\" dir=\"auto\">Tane\u010dn\u00e9 \u00faspech v Leviciach, \u017eiaci z\u00e1kladnej umeleckej \u0161koly podali vynikaj\u00faci v\u00fdkon <\/span><\/li>\n<li><span class=\"yt-core-attributed-string--link-inherit-color\" dir=\"auto\">Mikul\u00e1\u0161ov h\u00e1dzan\u00e1rsky poh\u00e1r sa skon\u010dil kol\u00e1rovsk\u00fdm v\u00ed\u0165azstvom <\/span><\/li>\n<li><span class=\"yt-core-attributed-string--link-inherit-color\" dir=\"auto\">Tesn\u00e9 s\u00faboje, \u0165a\u017ek\u00e9 z\u00e1pasy kol\u00e1rovsk\u00fdch stoln\u00fdch tenistov <\/span><\/li>\n<li><span class=\"yt-core-attributed-string--link-inherit-color\" dir=\"auto\">Basketbal a dar\u010dek v \u0161t\u00fdle Mikul\u00e1\u0161a <\/span><\/li>\n<li><span class=\"yt-core-attributed-string--link-inherit-color\" dir=\"auto\">D\u017eudisti z Kol\u00e1rova uzavreli rok medailami a \u00faspechmi <\/span><\/li>\n<\/ul>\n<p><span class=\"yt-core-attributed-string--link-inherit-color\" dir=\"auto\"> Mozaika <\/span><\/p>\n<ul class=\"yt-core-attributed-string__list-group\" dir=\"ltr\">\n<li><span class=\"yt-core-attributed-string--link-inherit-color\" dir=\"auto\">Pomoc v \u0165a\u017ek\u00fdch v chv\u00ed\u013each, rozpr\u00e1vali sme sa s Evou Kucsera, majite\u013ekou pohrebnej slu\u017eby <\/span><\/li>\n<li><span class=\"yt-core-attributed-string--link-inherit-color\" dir=\"auto\">Z \u010doho k\u00fapi\u0165 dar\u010deky? To sa tie\u017e dozviete v na\u0161om najnov\u0161om podcaste<\/span><\/li>\n<\/ul>\n<p><\/p>","protected":false},"excerpt":{"rendered":"<p>Spr\u00e1vy Kol\u00e1rovsk\u00ed seniori si mohli u\u017ei\u0165 koncert svetozn\u00e1mej opernej trojice Viano\u010dn\u00e9 popoludnie v klube d\u00f4chodcov Viano\u010dn\u00fd strom\u010dek n\u00e1\u0161ho mesta odet\u00fd vo viano\u010dnom \u0161ate Mikul\u00e1\u0161 v Kol\u00e1rove a priviedol aj svojich kamar\u00e1tov Prip\u00ednanie stu\u017eiek a stu\u017ekov\u00e1 sl\u00e1vnos\u0165 v mestskej strednej \u0161kole \u0160port Tane\u010dn\u00e9 \u00faspech v Leviciach, \u017eiaci z\u00e1kladnej umeleckej \u0161koly podali vynikaj\u00faci v\u00fdkon Mikul\u00e1\u0161ov h\u00e1dzan\u00e1rsky poh\u00e1r [&hellip;]<\/p>\n","protected":false},"author":6,"featured_media":0,"comment_status":"open","ping_status":"closed","sticky":false,"template":"","format":"standard","meta":[],"categories":[1],"tags":[],"_links":{"self":[{"href":"http:\/\/www.gutatv.sk\/sk\/wp-json\/wp\/v2\/posts\/211751"}],"collection":[{"href":"http:\/\/www.gutatv.sk\/sk\/wp-json\/wp\/v2\/posts"}],"about":[{"href":"http:\/\/www.gutatv.sk\/sk\/wp-json\/wp\/v2\/types\/post"}],"author":[{"embeddable":true,"href":"http:\/\/www.gutatv.sk\/sk\/wp-json\/wp\/v2\/users\/6"}],"replies":[{"embeddable":true,"href":"http:\/\/www.gutatv.sk\/sk\/wp-json\/wp\/v2\/comments?post=211751"}],"version-history":[{"count":1,"href":"http:\/\/www.gutatv.sk\/sk\/wp-json\/wp\/v2\/posts\/211751\/revisions"}],"predecessor-version":[{"id":211752,"href":"http:\/\/www.gutatv.sk\/sk\/wp-json\/wp\/v2\/posts\/211751\/revisions\/211752"}],"wp:attachment":[{"href":"http:\/\/www.gutatv.sk\/sk\/wp-json\/wp\/v2\/media?parent=211751"}],"wp:term":[{"taxonomy":"category","embeddable":true,"href":"http:\/\/www.gutatv.sk\/sk\/wp-json\/wp\/v2\/categories?post=211751"},{"taxonomy":"post_tag","embeddable":true,"href":"http:\/\/www.gutatv.sk\/sk\/wp-json\/wp\/v2\/tags?post=211751"}],"curies":[{"name":"wp","href":"https:\/\/api.w.org\/{rel}","templated":true}]}}