{"id":212595,"date":"2025-12-27T12:47:10","date_gmt":"2025-12-27T10:47:10","guid":{"rendered":"http:\/\/www.gutatv.sk\/?p=212595"},"modified":"2025-12-27T12:47:10","modified_gmt":"2025-12-27T10:47:10","slug":"2025-december-24","status":"publish","type":"post","link":"http:\/\/www.gutatv.sk\/sk\/2025-december-24\/","title":{"rendered":"24.december 2025"},"content":{"rendered":"<p><span class=\"yt-core-attributed-string--link-inherit-color\" dir=\"auto\">Spr\u00e1vy <\/span><\/p>\n<ul class=\"yt-core-attributed-string__list-group\" dir=\"ltr\">\n<li><span class=\"yt-core-attributed-string--link-inherit-color\" dir=\"auto\">Na hlavnom n\u00e1mest\u00ed v Kol\u00e1rove mal hlavn\u00fa \u00falohu tanec radosti <\/span><\/li>\n<li><span class=\"yt-core-attributed-string--link-inherit-color\" dir=\"auto\">V domove d\u00f4chodcov tvorili s pomocou klubu Zlat\u00fdch r\u00fak <\/span><\/li>\n<li><span class=\"yt-core-attributed-string--link-inherit-color\" dir=\"auto\">Kom\u00e1rnom sa oz\u00fdvalo predstavenie \u0161tudentov Korv\u00ednky <\/span><\/li>\n<li><span class=\"yt-core-attributed-string--link-inherit-color\" dir=\"auto\">Zakladate\u013eovi nede\u013enej \u0161koly v Kol\u00e1rove venovali pam\u00e4tn\u00fa tabu\u013eu <\/span><\/li>\n<li><span class=\"yt-core-attributed-string--link-inherit-color\" dir=\"auto\">Advent v Jednote d\u00f4chodcov <\/span><\/li>\n<li><span class=\"yt-core-attributed-string--link-inherit-color\" dir=\"auto\">Z\u00e1kladn\u00e1 umeleck\u00e1 \u0161kola skr\u00e1\u0161lila sviatky n\u00e1dhern\u00fdm adventn\u00fdm koncertom <\/span><\/li>\n<li><span class=\"yt-core-attributed-string--link-inherit-color\" dir=\"auto\">Najzn\u00e1mej\u0161\u00ed biblick\u00fd pr\u00edbeh o\u017eil v na\u0161ej obci <\/span><\/li>\n<li><span class=\"yt-core-attributed-string--link-inherit-color\" dir=\"auto\">\u0160koly v Kol\u00e1rove sa nala\u010fovali na sviatok <\/span><\/li>\n<li><span class=\"yt-core-attributed-string--link-inherit-color\" dir=\"auto\">Nie je ni\u010d kraj\u0161ie ako jubileum, Jednota d\u00f4chodcov si poctila svojich osl\u00e1vencov <\/span><\/li>\n<li><span class=\"yt-core-attributed-string--link-inherit-color\" dir=\"auto\">Kde je n\u00fadza, tam je pomoc, rozde\u013eovanie potrav\u00edn odk\u00e1zan\u00fdm <\/span><\/li>\n<li><span class=\"yt-core-attributed-string--link-inherit-color\" dir=\"auto\">Autentick\u00e1 atmosf\u00e9ra ovl\u00e1dla viano\u010dn\u00fd trh <\/span><\/li>\n<li><span class=\"yt-core-attributed-string--link-inherit-color\" dir=\"auto\">Svetlo l\u00e1sky patr\u00ed v\u0161etk\u00fdm, betlehemsk\u00fd plame\u0148 dorazil do n\u00e1\u0161ho mesta <\/span><\/li>\n<\/ul>\n<p><span class=\"yt-core-attributed-string--link-inherit-color\" dir=\"auto\">\u0160port <\/span><\/p>\n<ul class=\"yt-core-attributed-string__list-group\" dir=\"ltr\">\n<li><span class=\"yt-core-attributed-string--link-inherit-color\" dir=\"auto\">Na\u0161i stoln\u00ed tenisti v poslednom kole valcovali <\/span><\/li>\n<li><span class=\"yt-core-attributed-string--link-inherit-color\" dir=\"auto\">Bez tane\u010dn\u00fdch \u00faspechov v umeleckej \u0161kole sa koniec roka nezaob\u00edde <\/span><\/li>\n<li><span class=\"yt-core-attributed-string--link-inherit-color\" dir=\"auto\">Medaily v karate v \u017diline, Mikul\u00e1\u0161 v dojo<\/span><\/li>\n<li>&#8211; Bojovn\u00edk braz\u00edlskeho jiu-jitsu S\u00e1ndor Rom\u00e1n z Kol\u00e1rova je na druhom mieste svetov\u00e9ho rebr\u00ed\u010dka<\/li>\n<\/ul>\n<p>Mozaika<\/p>\n<ul>\n<li>Adventn\u00fd koncert a v\u00fdstava v Kol\u00e1rove<\/li>\n<li>Sl\u00e1vnostn\u00e9 koncerty, sveteln\u00e1 show traktorov, advent na viano\u010dn\u00fdch trhoch<\/li>\n<\/ul>\n<p><\/p>","protected":false},"excerpt":{"rendered":"<p>Spr\u00e1vy Na hlavnom n\u00e1mest\u00ed v Kol\u00e1rove mal hlavn\u00fa \u00falohu tanec radosti V domove d\u00f4chodcov tvorili s pomocou klubu Zlat\u00fdch r\u00fak Kom\u00e1rnom sa oz\u00fdvalo predstavenie \u0161tudentov Korv\u00ednky Zakladate\u013eovi nede\u013enej \u0161koly v Kol\u00e1rove venovali pam\u00e4tn\u00fa tabu\u013eu Advent v Jednote d\u00f4chodcov Z\u00e1kladn\u00e1 umeleck\u00e1 \u0161kola skr\u00e1\u0161lila sviatky n\u00e1dhern\u00fdm adventn\u00fdm koncertom Najzn\u00e1mej\u0161\u00ed biblick\u00fd pr\u00edbeh o\u017eil v na\u0161ej obci \u0160koly v [&hellip;]<\/p>\n","protected":false},"author":6,"featured_media":0,"comment_status":"open","ping_status":"closed","sticky":false,"template":"","format":"standard","meta":[],"categories":[1],"tags":[],"_links":{"self":[{"href":"http:\/\/www.gutatv.sk\/sk\/wp-json\/wp\/v2\/posts\/212595"}],"collection":[{"href":"http:\/\/www.gutatv.sk\/sk\/wp-json\/wp\/v2\/posts"}],"about":[{"href":"http:\/\/www.gutatv.sk\/sk\/wp-json\/wp\/v2\/types\/post"}],"author":[{"embeddable":true,"href":"http:\/\/www.gutatv.sk\/sk\/wp-json\/wp\/v2\/users\/6"}],"replies":[{"embeddable":true,"href":"http:\/\/www.gutatv.sk\/sk\/wp-json\/wp\/v2\/comments?post=212595"}],"version-history":[{"count":1,"href":"http:\/\/www.gutatv.sk\/sk\/wp-json\/wp\/v2\/posts\/212595\/revisions"}],"predecessor-version":[{"id":212596,"href":"http:\/\/www.gutatv.sk\/sk\/wp-json\/wp\/v2\/posts\/212595\/revisions\/212596"}],"wp:attachment":[{"href":"http:\/\/www.gutatv.sk\/sk\/wp-json\/wp\/v2\/media?parent=212595"}],"wp:term":[{"taxonomy":"category","embeddable":true,"href":"http:\/\/www.gutatv.sk\/sk\/wp-json\/wp\/v2\/categories?post=212595"},{"taxonomy":"post_tag","embeddable":true,"href":"http:\/\/www.gutatv.sk\/sk\/wp-json\/wp\/v2\/tags?post=212595"}],"curies":[{"name":"wp","href":"https:\/\/api.w.org\/{rel}","templated":true}]}}