{"id":216041,"date":"2026-03-12T12:30:48","date_gmt":"2026-03-12T10:30:48","guid":{"rendered":"http:\/\/www.gutatv.sk\/?p=216041"},"modified":"2026-03-12T12:30:48","modified_gmt":"2026-03-12T10:30:48","slug":"2026-marcius-11","status":"publish","type":"post","link":"http:\/\/www.gutatv.sk\/sk\/2026-marcius-11\/","title":{"rendered":"11.marec 2026"},"content":{"rendered":"<p>Spr\u00e1vy<\/p>\n<ul>\n<li>Nezi\u0161tnos\u0165 nadov\u0161etko, poctili na\u0161ich jubiluj\u00facich darcov krvi<\/li>\n<li>Vo\u013en\u00fd, hrav\u00fd rozvoj pohybu pre deti v na\u0161om meste<\/li>\n<li>Kapustov\u00e1 party v \u0161t\u00fdle d\u00f4chodcov<\/li>\n<li>Nov\u00ed ved\u00faci v miestnom ryb\u00e1rskom zv\u00e4ze<\/li>\n<li>Vzru\u0161uj\u00faci koncert ku D\u0148u \u017eien v kult\u00farnom centre<\/li>\n<li>Hrajte a vyhrajte, spolo\u010dn\u00e1 s\u00fa\u0165a\u017e MsKS a G\u00fata TV sa za\u010dala!<\/li>\n<\/ul>\n<p>\u0160port<\/p>\n<ul>\n<li>Za\u010dala sa registr\u00e1cia na \u0161portov\u00fa gala v Kol\u00e1rove<\/li>\n<li>Na\u0161i karatisti hor\u0161iu ako na bronzov\u00fa medailu nez\u00edskali<\/li>\n<li>Na\u0161i h\u00e1dzan\u00e1ri maj\u00fa za sebou v\u00edkend na sto percent<\/li>\n<li>Jarn\u00e1 futbalov\u00e1 sez\u00f3na v Kol\u00e1rove sa za\u010dala \u00faspechom dorastu<\/li>\n<li>Na\u0161im stoln\u00fdm tenistom ch\u00fdbal k perfektn\u00e9mu kolu op\u00e4\u0165 len k\u00fasok<\/li>\n<\/ul>\n<p>Mozaika<\/p>\n<ul>\n<li>Kol\u00e1rovsk\u00fdm \u017een\u00e1m blaho\u017eelali kr\u00e1li<\/li>\n<\/ul>\n<p><\/p>","protected":false},"excerpt":{"rendered":"<p>Spr\u00e1vy Nezi\u0161tnos\u0165 nadov\u0161etko, poctili na\u0161ich jubiluj\u00facich darcov krvi Vo\u013en\u00fd, hrav\u00fd rozvoj pohybu pre deti v na\u0161om meste Kapustov\u00e1 party v \u0161t\u00fdle d\u00f4chodcov Nov\u00ed ved\u00faci v miestnom ryb\u00e1rskom zv\u00e4ze Vzru\u0161uj\u00faci koncert ku D\u0148u \u017eien v kult\u00farnom centre Hrajte a vyhrajte, spolo\u010dn\u00e1 s\u00fa\u0165a\u017e MsKS a G\u00fata TV sa za\u010dala! \u0160port Za\u010dala sa registr\u00e1cia na \u0161portov\u00fa gala v [&hellip;]<\/p>\n","protected":false},"author":6,"featured_media":0,"comment_status":"open","ping_status":"closed","sticky":false,"template":"","format":"standard","meta":[],"categories":[1],"tags":[],"_links":{"self":[{"href":"http:\/\/www.gutatv.sk\/sk\/wp-json\/wp\/v2\/posts\/216041"}],"collection":[{"href":"http:\/\/www.gutatv.sk\/sk\/wp-json\/wp\/v2\/posts"}],"about":[{"href":"http:\/\/www.gutatv.sk\/sk\/wp-json\/wp\/v2\/types\/post"}],"author":[{"embeddable":true,"href":"http:\/\/www.gutatv.sk\/sk\/wp-json\/wp\/v2\/users\/6"}],"replies":[{"embeddable":true,"href":"http:\/\/www.gutatv.sk\/sk\/wp-json\/wp\/v2\/comments?post=216041"}],"version-history":[{"count":1,"href":"http:\/\/www.gutatv.sk\/sk\/wp-json\/wp\/v2\/posts\/216041\/revisions"}],"predecessor-version":[{"id":216042,"href":"http:\/\/www.gutatv.sk\/sk\/wp-json\/wp\/v2\/posts\/216041\/revisions\/216042"}],"wp:attachment":[{"href":"http:\/\/www.gutatv.sk\/sk\/wp-json\/wp\/v2\/media?parent=216041"}],"wp:term":[{"taxonomy":"category","embeddable":true,"href":"http:\/\/www.gutatv.sk\/sk\/wp-json\/wp\/v2\/categories?post=216041"},{"taxonomy":"post_tag","embeddable":true,"href":"http:\/\/www.gutatv.sk\/sk\/wp-json\/wp\/v2\/tags?post=216041"}],"curies":[{"name":"wp","href":"https:\/\/api.w.org\/{rel}","templated":true}]}}