{"id":95077,"date":"2020-08-27T09:52:08","date_gmt":"2020-08-27T07:52:08","guid":{"rendered":"http:\/\/www.gutatv.sk\/?p=95077"},"modified":"2020-08-27T09:52:08","modified_gmt":"2020-08-27T07:52:08","slug":"2020-augusztus-26","status":"publish","type":"post","link":"http:\/\/www.gutatv.sk\/sk\/2020-augusztus-26\/","title":{"rendered":"26.august 2020"},"content":{"rendered":"<p>Spr\u00e1vy<\/p>\n<ul>\n<li>Kladenie vencov<\/li>\n<li>Rozhovor s Katalin Decsi<\/li>\n<li>Udr\u017eate\u013en\u00e1 z\u00e1hrada<\/li>\n<li>Dobro\u010dinn\u00e1 z\u00e1hradn\u00e1 z\u00e1bava<\/li>\n<li>Bociany<\/li>\n<li>Ihrisko<\/li>\n<li>Jubilant<\/li>\n<\/ul>\n<p>Mozaika<\/p>\n<ul>\n<li>Dobro\u010dinn\u00fd koncert<\/li>\n<\/ul>\n<p><\/p>","protected":false},"excerpt":{"rendered":"<p>Spr\u00e1vy Kladenie vencov Rozhovor s Katalin Decsi Udr\u017eate\u013en\u00e1 z\u00e1hrada Dobro\u010dinn\u00e1 z\u00e1hradn\u00e1 z\u00e1bava Bociany Ihrisko Jubilant Mozaika Dobro\u010dinn\u00fd koncert<\/p>\n","protected":false},"author":6,"featured_media":0,"comment_status":"open","ping_status":"closed","sticky":false,"template":"","format":"standard","meta":[],"categories":[1],"tags":[],"_links":{"self":[{"href":"http:\/\/www.gutatv.sk\/sk\/wp-json\/wp\/v2\/posts\/95077"}],"collection":[{"href":"http:\/\/www.gutatv.sk\/sk\/wp-json\/wp\/v2\/posts"}],"about":[{"href":"http:\/\/www.gutatv.sk\/sk\/wp-json\/wp\/v2\/types\/post"}],"author":[{"embeddable":true,"href":"http:\/\/www.gutatv.sk\/sk\/wp-json\/wp\/v2\/users\/6"}],"replies":[{"embeddable":true,"href":"http:\/\/www.gutatv.sk\/sk\/wp-json\/wp\/v2\/comments?post=95077"}],"version-history":[{"count":1,"href":"http:\/\/www.gutatv.sk\/sk\/wp-json\/wp\/v2\/posts\/95077\/revisions"}],"predecessor-version":[{"id":95078,"href":"http:\/\/www.gutatv.sk\/sk\/wp-json\/wp\/v2\/posts\/95077\/revisions\/95078"}],"wp:attachment":[{"href":"http:\/\/www.gutatv.sk\/sk\/wp-json\/wp\/v2\/media?parent=95077"}],"wp:term":[{"taxonomy":"category","embeddable":true,"href":"http:\/\/www.gutatv.sk\/sk\/wp-json\/wp\/v2\/categories?post=95077"},{"taxonomy":"post_tag","embeddable":true,"href":"http:\/\/www.gutatv.sk\/sk\/wp-json\/wp\/v2\/tags?post=95077"}],"curies":[{"name":"wp","href":"https:\/\/api.w.org\/{rel}","templated":true}]}}